{"id":2364,"date":"2020-06-24T09:36:38","date_gmt":"2020-06-24T07:36:38","guid":{"rendered":"https:\/\/www.strauch-lu.de\/?p=2364"},"modified":"2020-07-17T14:37:53","modified_gmt":"2020-07-17T12:37:53","slug":"start-in-die-getreideernte-2020","status":"publish","type":"post","link":"https:\/\/www.johannes-janssen.com\/kommunal\/blog\/2020\/06\/24\/start-in-die-getreideernte-2020\/","title":{"rendered":"Start in die Getreideernte 2020"},"content":{"rendered":"<div id=\"pl-2364\"  class=\"panel-layout\" ><div id=\"pg-2364-0\"  class=\"panel-grid panel-no-style\" ><div id=\"pgc-2364-0-0\"  class=\"panel-grid-cell\" ><div id=\"panel-2364-0-0-0\" class=\"so-panel widget widget_text panel-first-child panel-last-child\" data-index=\"0\" >\t\t\t<div class=\"textwidget\"><div data-contents=\"true\">\n<div class=\"\" data-block=\"true\" data-editor=\"b8oi9\" data-offset-key=\"aqovp-0-0\">\n<div class=\"public-DraftStyleDefault-block public-DraftStyleDefault-ltr\" data-offset-key=\"aqovp-0-0\"><span data-offset-key=\"aqovp-0-0\">Mit unseren M\u00e4hdreschern ernten wir von etwa Mitte Juni, bis Ende August Ihr Getreide schnell und wirtschaftlich. Bei der Getreideernte werden Kornfr\u00fcchte f\u00fcr die Futtermittelindustrie oder auch als Futter f\u00fcr landwirtschaftliche Betriebe gewonnen. Zuerst wird das Getreide gem\u00e4ht und dann gedroschen. Anschlie\u00dfend wird das gedroschene Korn gereinigt und das Stroh zur\u00fcck aufs Feld geworfen. Dieses Verfahren gilt f\u00fcr fast alle Kornfr\u00fcchte.<\/span><\/div>\n<\/div>\n<div class=\"\" data-block=\"true\" data-editor=\"b8oi9\" data-offset-key=\"3af26-0-0\">\n<div class=\"public-DraftStyleDefault-block public-DraftStyleDefault-ltr\" data-offset-key=\"3af26-0-0\"><span data-offset-key=\"3af26-0-0\">\u00a0<\/span><\/div>\n<\/div>\n<div class=\"\" data-block=\"true\" data-editor=\"b8oi9\" data-offset-key=\"fpi1t-0-0\">\n<div class=\"public-DraftStyleDefault-block public-DraftStyleDefault-ltr\" data-offset-key=\"fpi1t-0-0\"><span data-offset-key=\"fpi1t-0-0\">\u00a0<\/span><\/div>\n<\/div>\n<div class=\"\" data-block=\"true\" data-editor=\"b8oi9\" data-offset-key=\"7h2ts-0-0\">\n<div class=\"public-DraftStyleDefault-block public-DraftStyleDefault-ltr\" data-offset-key=\"7h2ts-0-0\"><span data-offset-key=\"7h2ts-0-0\">Weitere Informationen finden Sie \u00fcber den nachfolgenden Link-Button &#8218;ERNTEN&#8216;.<\/span><\/div>\n<\/div>\n<\/div>\n<\/div>\n\t\t<\/div><\/div><\/div><div id=\"pg-2364-1\"  class=\"panel-grid panel-no-style\" ><div id=\"pgc-2364-1-0\"  class=\"panel-grid-cell\" ><div id=\"panel-2364-1-0-0\" class=\"so-panel widget widget_media_image panel-first-child panel-last-child\" data-index=\"1\" ><figure class=\"thumbnail wp-caption alignnone\" style=\"width: 1024px\"><img loading=\"lazy\" decoding=\"async\" class=\"image \" src=\"https:\/\/www.johannes-janssen.com\/wp-content\/uploads\/2020\/07\/Getreideernte-2020-1-1024x768.jpg\" alt=\"\" width=\"1024\" height=\"768\" \/><figcaption class=\"caption wp-caption-text\">M\u00e4hdrescher New Holland CX8050 und Massey Ferguson 7480 mit Fliegl-Kipper<\/figcaption><\/figure><\/div><\/div><div id=\"pgc-2364-1-1\"  class=\"panel-grid-cell\" ><div id=\"panel-2364-1-1-0\" class=\"so-panel widget widget_media_image panel-first-child panel-last-child\" data-index=\"2\" ><figure class=\"thumbnail wp-caption alignnone\" style=\"width: 1024px\"><img loading=\"lazy\" decoding=\"async\" class=\"image \" src=\"https:\/\/www.johannes-janssen.com\/wp-content\/uploads\/2020\/07\/Getreideernte-2020-2-1024x768.jpg\" alt=\"\" width=\"1024\" height=\"768\" \/><figcaption class=\"caption wp-caption-text\">New Holland CX8050<\/figcaption><\/figure><\/div><\/div><\/div><div id=\"pg-2364-2\"  class=\"panel-grid panel-no-style\" ><div id=\"pgc-2364-2-0\"  class=\"panel-grid-cell\" ><div id=\"panel-2364-2-0-0\" class=\"so-panel widget widget_sow-button panel-first-child panel-last-child\" data-index=\"3\" ><div\n\t\t\t\n\t\t\tclass=\"so-widget-sow-button so-widget-sow-button-atom-5c7765607325-2364\"\n\t\t\t\n\t\t><div class=\"ow-button-base ow-button-align-center\"\n>\n\t\t\t<a\n\t\t\t\t\thref=\"https:\/\/www.johannes-janssen.com\/kommunal\/portfolio\/eichenprozessionsspinner\/\"\n\t\t\t\t\tclass=\"sowb-button ow-icon-placement-left ow-button-hover\" \t>\n\t\t<span>\n\t\t\t\n\t\t\tERNTEN\t\t<\/span>\n\t\t\t<\/a>\n\t<\/div>\n<\/div><\/div><\/div><div id=\"pgc-2364-2-1\"  class=\"panel-grid-cell\" ><div id=\"panel-2364-2-1-0\" class=\"so-panel widget widget_sow-button panel-first-child panel-last-child\" data-index=\"4\" ><div\n\t\t\t\n\t\t\tclass=\"so-widget-sow-button so-widget-sow-button-atom-5c7765607325-2364\"\n\t\t\t\n\t\t><div class=\"ow-button-base ow-button-align-center\"\n>\n\t\t\t<a\n\t\t\t\t\thref=\"https:\/\/www.johannes-janssen.com\/kommunal\/kontakt\/\"\n\t\t\t\t\tclass=\"sowb-button ow-icon-placement-left ow-button-hover\" \t>\n\t\t<span>\n\t\t\t\n\t\t\tKONTAKT\t\t<\/span>\n\t\t\t<\/a>\n\t<\/div>\n<\/div><\/div><\/div><\/div><\/div>","protected":false},"excerpt":{"rendered":"<p>Mit unseren M\u00e4hdreschern ernten wir von etwa Mitte Juni, bis Ende August Ihr Getreide schnell und wirtschaftlich. Bei der Getreideernte werden Kornfr\u00fcchte f\u00fcr die Futtermittelindustrie oder auch als Futter f\u00fcr landwirtschaftliche Betriebe gewonnen. Zuerst wird das Getreide gem\u00e4ht und dann &hellip; <a href=\"https:\/\/www.johannes-janssen.com\/kommunal\/blog\/2020\/06\/24\/start-in-die-getreideernte-2020\/\">Weiter<\/a><\/p>\n","protected":false},"author":2,"featured_media":0,"comment_status":"open","ping_status":"open","sticky":false,"template":"","format":"standard","meta":{"kt_blocks_editor_width":"","footnotes":""},"categories":[1],"tags":[],"class_list":["post-2364","post","type-post","status-publish","format-standard","hentry","category-allgemein"],"_links":{"self":[{"href":"https:\/\/www.johannes-janssen.com\/kommunal\/wp-json\/wp\/v2\/posts\/2364"}],"collection":[{"href":"https:\/\/www.johannes-janssen.com\/kommunal\/wp-json\/wp\/v2\/posts"}],"about":[{"href":"https:\/\/www.johannes-janssen.com\/kommunal\/wp-json\/wp\/v2\/types\/post"}],"author":[{"embeddable":true,"href":"https:\/\/www.johannes-janssen.com\/kommunal\/wp-json\/wp\/v2\/users\/2"}],"replies":[{"embeddable":true,"href":"https:\/\/www.johannes-janssen.com\/kommunal\/wp-json\/wp\/v2\/comments?post=2364"}],"version-history":[{"count":12,"href":"https:\/\/www.johannes-janssen.com\/kommunal\/wp-json\/wp\/v2\/posts\/2364\/revisions"}],"predecessor-version":[{"id":2384,"href":"https:\/\/www.johannes-janssen.com\/kommunal\/wp-json\/wp\/v2\/posts\/2364\/revisions\/2384"}],"wp:attachment":[{"href":"https:\/\/www.johannes-janssen.com\/kommunal\/wp-json\/wp\/v2\/media?parent=2364"}],"wp:term":[{"taxonomy":"category","embeddable":true,"href":"https:\/\/www.johannes-janssen.com\/kommunal\/wp-json\/wp\/v2\/categories?post=2364"},{"taxonomy":"post_tag","embeddable":true,"href":"https:\/\/www.johannes-janssen.com\/kommunal\/wp-json\/wp\/v2\/tags?post=2364"}],"curies":[{"name":"wp","href":"https:\/\/api.w.org\/{rel}","templated":true}]}}